{"id":12901,"date":"2025-07-24T19:29:15","date_gmt":"2025-07-24T17:29:15","guid":{"rendered":"https:\/\/miralles1986.com\/?p=12901"},"modified":"2025-11-19T20:01:25","modified_gmt":"2025-11-19T19:01:25","slug":"aspesi-en-miralles-1986-moda-masculina-con-esencia-atemporal","status":"publish","type":"post","link":"https:\/\/www.marodadesign.es\/miralles\/aspesi-en-miralles-1986-moda-masculina-con-esencia-atemporal\/aspesi\/","title":{"rendered":"Aspesi en Miralles 1986: moda masculina con esencia atemporal"},"content":{"rendered":"\n<div class=\"wp-block-columns is-layout-flex wp-container-core-columns-is-layout-8f761849 wp-block-columns-is-layout-flex\">\n<div class=\"wp-block-column is-layout-flow wp-block-column-is-layout-flow\">\n<figure class=\"wp-block-image size-full\"><img decoding=\"async\" width=\"1000\" height=\"1000\" src=\"https:\/\/www.marodadesign.es\/miralles\/wp-content\/uploads\/2025\/06\/camisa-de-manga-corta-de-punto-aspesi-m084-01045-sand-1.jpg\" alt=\"Camisa de manga corta de punto Aspesi Sand Sabbia\" class=\"wp-image-12028\" srcset=\"https:\/\/www.marodadesign.es\/miralles\/wp-content\/uploads\/2025\/06\/camisa-de-manga-corta-de-punto-aspesi-m084-01045-sand-1.jpg 1000w, https:\/\/www.marodadesign.es\/miralles\/wp-content\/uploads\/2025\/06\/camisa-de-manga-corta-de-punto-aspesi-m084-01045-sand-1-500x500.jpg 500w\" sizes=\"(max-width: 1000px) 100vw, 1000px\" \/><\/figure>\n<\/div>\n\n\n\n<div class=\"wp-block-column is-layout-flow wp-block-column-is-layout-flow\">\n<figure class=\"wp-block-image size-full\"><img decoding=\"async\" width=\"1000\" height=\"1000\" src=\"https:\/\/www.marodadesign.es\/miralles\/wp-content\/uploads\/2025\/06\/chaleco-noma-10241-negro-aspesi-2.jpg\" alt=\"Chaleco Noma 10241 Negro Aspesi\" class=\"wp-image-12013\" srcset=\"https:\/\/www.marodadesign.es\/miralles\/wp-content\/uploads\/2025\/06\/chaleco-noma-10241-negro-aspesi-2.jpg 1000w, https:\/\/www.marodadesign.es\/miralles\/wp-content\/uploads\/2025\/06\/chaleco-noma-10241-negro-aspesi-2-500x500.jpg 500w\" sizes=\"(max-width: 1000px) 100vw, 1000px\" \/><\/figure>\n<\/div>\n<\/div>\n\n\n\n<div style=\"height:62px\" aria-hidden=\"true\" class=\"wp-block-spacer\"><\/div>\n\n\n\n<p class=\"wp-block-paragraph\">En <a href=\"https:\/\/www.marodadesign.es\/miralles\/\"><strong>Miralles 1986 <\/strong><\/a>apostamos por la moda masculina con esencia atemporal a trav\u00e9s de marcas que representan la elegancia sin esfuerzo, la calidad en los detalles y la autenticidad de lo bien hecho. <strong><a href=\"https:\/\/www.marodadesign.es\/miralles\/marca\/aspesi\/\">Aspesi<\/a><\/strong>, la firma italiana reconocida por su enfoque minimalista y funcional, forma parte de nuestra cuidada selecci\u00f3n de marcas de moda para hombre.<\/p>\n\n\n\n<h2 class=\"wp-block-heading\">\u2728 \u00bfPor qu\u00e9 Aspesi?<\/h2>\n\n\n\n<p class=\"wp-block-paragraph\">Desde sus inicios en los a\u00f1os 60, <a href=\"https:\/\/www.marodadesign.es\/miralles\/marca\/aspesi\/\"><strong>Aspesi<\/strong> <\/a>ha destacado por reinterpretar cl\u00e1sicos del armario masculino con una visi\u00f3n contempor\u00e1nea y materiales de alta calidad. Su estilo limpio, sin artificios y con una marcada identidad, lo convierte en sin\u00f3nimo de sobriedad sofisticada.<\/p>\n\n\n\n<p class=\"wp-block-paragraph\">En <strong><a href=\"https:\/\/www.marodadesign.es\/miralles\">Miralles 1986<\/a><\/strong> encontrar\u00e1s prendas de <a href=\"https:\/\/www.marodadesign.es\/miralles\/marca\/aspesi\/\"><strong>Aspesi <\/strong><\/a>que combinan a la perfecci\u00f3n con nuestro enfoque de moda urbana y de lujo discreto: <a href=\"https:\/\/www.marodadesign.es\/miralles\/categoria-producto\/ropa\/camisas\/\"><strong>camisas <\/strong><\/a>estructuradas, <a href=\"https:\/\/www.marodadesign.es\/miralles\/categoria-producto\/ropa\/camisas\/\">sobrecamisas <\/a>t\u00e9cnicas, <a href=\"https:\/\/www.marodadesign.es\/miralles\/categoria-producto\/ropa\/chaquetas\/chaquetas-deportivas\/\">chaquetas ligeras<\/a> o <a href=\"https:\/\/www.marodadesign.es\/miralles\/categoria-producto\/accesorios\/mochilas\/\">mochilas<\/a> premium con acabados impecables.<\/p>\n\n\n\n<h3 class=\"wp-block-heading\">\ud83c\udfaf Aspesi y Miralles: una conexi\u00f3n natural<\/h3>\n\n\n\n<p class=\"wp-block-paragraph\">La colaboraci\u00f3n entre <strong>Aspesi y Miralles 1986<\/strong> es natural. Ambas marcas apuestan por:<\/p>\n\n\n\n<ul class=\"wp-block-list\">\n<li><strong>Calidad sin ostentaci\u00f3n<\/strong><\/li>\n\n\n\n<li><strong>Dise\u00f1os vers\u00e1tiles y duraderos<\/strong><\/li>\n\n\n\n<li><strong>Una est\u00e9tica urbana y cosmopolita<\/strong><\/li>\n<\/ul>\n\n\n\n<p class=\"wp-block-paragraph\">Ya sea para el d\u00eda a d\u00eda, un look casual de fin de semana o una escapada urbana, Aspesi es la elecci\u00f3n perfecta para quienes valoran el dise\u00f1o bien pensado.<\/p>\n\n\n\n<h3 class=\"wp-block-heading\">\ud83e\uddf3 Explora la colecci\u00f3n Aspesi<\/h3>\n\n\n\n<p class=\"wp-block-paragraph\">Visita nuestra secci\u00f3n de <a href=\"https:\/\/www.marodadesign.es\/miralles\/marca\/aspesi\/\"><strong>Aspesi <\/strong><\/a>en<strong><a href=\"https:\/\/www.marodadesign.es\/miralles\"> Miralles 1986<\/a><\/strong> y descubre piezas seleccionadas de la mejor moda masculina con esencia atemporal.<\/p>\n\n\n\n<p class=\"wp-block-paragraph\"><\/p>\n","protected":false},"excerpt":{"rendered":"<p>En Miralles 1986 apostamos por la moda masculina con esencia atemporal a trav\u00e9s de marcas que representan la elegancia sin esfuerzo, la calidad en los&#8230;<\/p>\n","protected":false},"author":1,"featured_media":12015,"comment_status":"open","ping_status":"closed","sticky":false,"template":"","format":"standard","meta":{"footnotes":""},"categories":[831,999],"tags":[],"class_list":["post-12901","post","type-post","status-publish","format-standard","has-post-thumbnail","category-aspesi","category-colecciones"],"yoast_head":"<!-- This site is optimized with the Yoast SEO plugin v28.3 - https:\/\/yoast.com\/product\/yoast-seo-wordpress\/ -->\n<title>Aspesi en Miralles 1986: moda masculina con esencia atemporal - Miralles STAGING<\/title>\n<meta name=\"description\" content=\"En Miralles 1986 apostamos por la moda masculina con esencia atemporal a trav\u00e9s de marcas que representan la elegancia sin esfuerzo.\" \/>\n<meta name=\"robots\" content=\"noindex, follow, max-snippet:-1, max-image-preview:large, max-video-preview:-1\" \/>\n<meta property=\"og:locale\" content=\"es_ES\" \/>\n<meta property=\"og:type\" content=\"article\" \/>\n<meta property=\"og:title\" content=\"Aspesi en Miralles 1986: moda masculina con esencia atemporal - Miralles STAGING\" \/>\n<meta property=\"og:description\" content=\"En Miralles 1986 apostamos por la moda masculina con esencia atemporal a trav\u00e9s de marcas que representan la elegancia sin esfuerzo.\" \/>\n<meta property=\"og:url\" content=\"https:\/\/www.marodadesign.es\/miralles\/aspesi-en-miralles-1986-moda-masculina-con-esencia-atemporal\/aspesi\/\" \/>\n<meta property=\"og:site_name\" content=\"Miralles STAGING\" \/>\n<meta property=\"article:publisher\" content=\"https:\/\/www.facebook.com\/miralles1986\" \/>\n<meta property=\"article:published_time\" content=\"2025-07-24T17:29:15+00:00\" \/>\n<meta property=\"article:modified_time\" content=\"2025-11-19T19:01:25+00:00\" \/>\n<meta property=\"og:image\" content=\"https:\/\/www.marodadesign.es\/miralles\/wp-content\/uploads\/2025\/06\/chaleco-noma-10241-negro-aspesi-4.jpg\" \/>\n\t<meta property=\"og:image:width\" content=\"1000\" \/>\n\t<meta property=\"og:image:height\" content=\"1000\" \/>\n\t<meta property=\"og:image:type\" content=\"image\/jpeg\" \/>\n<meta name=\"author\" content=\"Daniel\" \/>\n<meta name=\"twitter:card\" content=\"summary_large_image\" \/>\n<meta name=\"twitter:label1\" content=\"Escrito por\" \/>\n\t<meta name=\"twitter:data1\" content=\"Daniel\" \/>\n\t<meta name=\"twitter:label2\" content=\"Tiempo de lectura\" \/>\n\t<meta name=\"twitter:data2\" content=\"2 minutos\" \/>\n<script type=\"application\/ld+json\" class=\"yoast-schema-graph\">{\"@context\":\"https:\\\/\\\/schema.org\",\"@graph\":[{\"@type\":\"Article\",\"@id\":\"https:\\\/\\\/www.marodadesign.es\\\/miralles\\\/aspesi-en-miralles-1986-moda-masculina-con-esencia-atemporal\\\/aspesi\\\/#article\",\"isPartOf\":{\"@id\":\"https:\\\/\\\/www.marodadesign.es\\\/miralles\\\/aspesi-en-miralles-1986-moda-masculina-con-esencia-atemporal\\\/aspesi\\\/\"},\"author\":{\"name\":\"Daniel\",\"@id\":\"https:\\\/\\\/www.marodadesign.es\\\/miralles\\\/#\\\/schema\\\/person\\\/c6c75b424c077c0b1c31c7221e9c6664\"},\"headline\":\"Aspesi en Miralles 1986: moda masculina con esencia atemporal\",\"datePublished\":\"2025-07-24T17:29:15+00:00\",\"dateModified\":\"2025-11-19T19:01:25+00:00\",\"mainEntityOfPage\":{\"@id\":\"https:\\\/\\\/www.marodadesign.es\\\/miralles\\\/aspesi-en-miralles-1986-moda-masculina-con-esencia-atemporal\\\/aspesi\\\/\"},\"wordCount\":245,\"commentCount\":0,\"publisher\":{\"@id\":\"https:\\\/\\\/www.marodadesign.es\\\/miralles\\\/#organization\"},\"image\":{\"@id\":\"https:\\\/\\\/www.marodadesign.es\\\/miralles\\\/aspesi-en-miralles-1986-moda-masculina-con-esencia-atemporal\\\/aspesi\\\/#primaryimage\"},\"thumbnailUrl\":\"https:\\\/\\\/www.marodadesign.es\\\/miralles\\\/wp-content\\\/uploads\\\/2025\\\/06\\\/chaleco-noma-10241-negro-aspesi-4.jpg\",\"articleSection\":[\"Aspesi\",\"Colecciones\"],\"inLanguage\":\"es\",\"potentialAction\":[{\"@type\":\"CommentAction\",\"name\":\"Comment\",\"target\":[\"https:\\\/\\\/www.marodadesign.es\\\/miralles\\\/aspesi-en-miralles-1986-moda-masculina-con-esencia-atemporal\\\/aspesi\\\/#respond\"]}]},{\"@type\":\"WebPage\",\"@id\":\"https:\\\/\\\/www.marodadesign.es\\\/miralles\\\/aspesi-en-miralles-1986-moda-masculina-con-esencia-atemporal\\\/aspesi\\\/\",\"url\":\"https:\\\/\\\/www.marodadesign.es\\\/miralles\\\/aspesi-en-miralles-1986-moda-masculina-con-esencia-atemporal\\\/aspesi\\\/\",\"name\":\"Aspesi en Miralles 1986: moda masculina con esencia atemporal - Miralles STAGING\",\"isPartOf\":{\"@id\":\"https:\\\/\\\/www.marodadesign.es\\\/miralles\\\/#website\"},\"primaryImageOfPage\":{\"@id\":\"https:\\\/\\\/www.marodadesign.es\\\/miralles\\\/aspesi-en-miralles-1986-moda-masculina-con-esencia-atemporal\\\/aspesi\\\/#primaryimage\"},\"image\":{\"@id\":\"https:\\\/\\\/www.marodadesign.es\\\/miralles\\\/aspesi-en-miralles-1986-moda-masculina-con-esencia-atemporal\\\/aspesi\\\/#primaryimage\"},\"thumbnailUrl\":\"https:\\\/\\\/www.marodadesign.es\\\/miralles\\\/wp-content\\\/uploads\\\/2025\\\/06\\\/chaleco-noma-10241-negro-aspesi-4.jpg\",\"datePublished\":\"2025-07-24T17:29:15+00:00\",\"dateModified\":\"2025-11-19T19:01:25+00:00\",\"description\":\"En Miralles 1986 apostamos por la moda masculina con esencia atemporal a trav\u00e9s de marcas que representan la elegancia sin esfuerzo.\",\"breadcrumb\":{\"@id\":\"https:\\\/\\\/www.marodadesign.es\\\/miralles\\\/aspesi-en-miralles-1986-moda-masculina-con-esencia-atemporal\\\/aspesi\\\/#breadcrumb\"},\"inLanguage\":\"es\",\"potentialAction\":[{\"@type\":\"ReadAction\",\"target\":[\"https:\\\/\\\/www.marodadesign.es\\\/miralles\\\/aspesi-en-miralles-1986-moda-masculina-con-esencia-atemporal\\\/aspesi\\\/\"]}]},{\"@type\":\"ImageObject\",\"inLanguage\":\"es\",\"@id\":\"https:\\\/\\\/www.marodadesign.es\\\/miralles\\\/aspesi-en-miralles-1986-moda-masculina-con-esencia-atemporal\\\/aspesi\\\/#primaryimage\",\"url\":\"https:\\\/\\\/www.marodadesign.es\\\/miralles\\\/wp-content\\\/uploads\\\/2025\\\/06\\\/chaleco-noma-10241-negro-aspesi-4.jpg\",\"contentUrl\":\"https:\\\/\\\/www.marodadesign.es\\\/miralles\\\/wp-content\\\/uploads\\\/2025\\\/06\\\/chaleco-noma-10241-negro-aspesi-4.jpg\",\"width\":1000,\"height\":1000,\"caption\":\"Chaleco Noma 10241 Negro Aspesi\"},{\"@type\":\"BreadcrumbList\",\"@id\":\"https:\\\/\\\/www.marodadesign.es\\\/miralles\\\/aspesi-en-miralles-1986-moda-masculina-con-esencia-atemporal\\\/aspesi\\\/#breadcrumb\",\"itemListElement\":[{\"@type\":\"ListItem\",\"position\":1,\"name\":\"Portada\",\"item\":\"https:\\\/\\\/www.marodadesign.es\\\/miralles\\\/\"},{\"@type\":\"ListItem\",\"position\":2,\"name\":\"Aspesi en Miralles 1986: moda masculina con esencia atemporal\"}]},{\"@type\":\"WebSite\",\"@id\":\"https:\\\/\\\/www.marodadesign.es\\\/miralles\\\/#website\",\"url\":\"https:\\\/\\\/www.marodadesign.es\\\/miralles\\\/\",\"name\":\"Miralles 1986\",\"description\":\"Moda masculina de lujo en Valencia\",\"publisher\":{\"@id\":\"https:\\\/\\\/www.marodadesign.es\\\/miralles\\\/#organization\"},\"potentialAction\":[{\"@type\":\"SearchAction\",\"target\":{\"@type\":\"EntryPoint\",\"urlTemplate\":\"https:\\\/\\\/www.marodadesign.es\\\/miralles\\\/?s={search_term_string}\"},\"query-input\":{\"@type\":\"PropertyValueSpecification\",\"valueRequired\":true,\"valueName\":\"search_term_string\"}}],\"inLanguage\":\"es\"},{\"@type\":\"Organization\",\"@id\":\"https:\\\/\\\/www.marodadesign.es\\\/miralles\\\/#organization\",\"name\":\"Miralles 1986\",\"alternateName\":\"Miralles\",\"url\":\"https:\\\/\\\/www.marodadesign.es\\\/miralles\\\/\",\"logo\":{\"@type\":\"ImageObject\",\"inLanguage\":\"es\",\"@id\":\"https:\\\/\\\/www.marodadesign.es\\\/miralles\\\/#\\\/schema\\\/logo\\\/image\\\/\",\"url\":\"https:\\\/\\\/www.marodadesign.es\\\/miralles\\\/wp-content\\\/uploads\\\/2024\\\/09\\\/logo-miralles-1986-pequeno-bl.png\",\"contentUrl\":\"https:\\\/\\\/www.marodadesign.es\\\/miralles\\\/wp-content\\\/uploads\\\/2024\\\/09\\\/logo-miralles-1986-pequeno-bl.png\",\"width\":201,\"height\":73,\"caption\":\"Miralles 1986\"},\"image\":{\"@id\":\"https:\\\/\\\/www.marodadesign.es\\\/miralles\\\/#\\\/schema\\\/logo\\\/image\\\/\"},\"sameAs\":[\"https:\\\/\\\/www.facebook.com\\\/miralles1986\",\"https:\\\/\\\/www.instagram.com\\\/miralles1986_\\\/\"]},{\"@type\":\"Person\",\"@id\":\"https:\\\/\\\/www.marodadesign.es\\\/miralles\\\/#\\\/schema\\\/person\\\/c6c75b424c077c0b1c31c7221e9c6664\",\"name\":\"Daniel\",\"image\":{\"@type\":\"ImageObject\",\"inLanguage\":\"es\",\"@id\":\"https:\\\/\\\/secure.gravatar.com\\\/avatar\\\/708149c944c13d8c3cb8252a4a3c3ef5965c0f7ecdbd697d64193859fed8d097?s=96&d=mm&r=g\",\"url\":\"https:\\\/\\\/secure.gravatar.com\\\/avatar\\\/708149c944c13d8c3cb8252a4a3c3ef5965c0f7ecdbd697d64193859fed8d097?s=96&d=mm&r=g\",\"contentUrl\":\"https:\\\/\\\/secure.gravatar.com\\\/avatar\\\/708149c944c13d8c3cb8252a4a3c3ef5965c0f7ecdbd697d64193859fed8d097?s=96&d=mm&r=g\",\"caption\":\"Daniel\"},\"sameAs\":[\"https:\\\/\\\/www.marodadesign.es\\\/miralles\"]}]}<\/script>\n<!-- \/ Yoast SEO plugin. -->","yoast_head_json":{"title":"Aspesi en Miralles 1986: moda masculina con esencia atemporal - Miralles STAGING","description":"En Miralles 1986 apostamos por la moda masculina con esencia atemporal a trav\u00e9s de marcas que representan la elegancia sin esfuerzo.","robots":{"index":"noindex","follow":"follow","max-snippet":"max-snippet:-1","max-image-preview":"max-image-preview:large","max-video-preview":"max-video-preview:-1"},"og_locale":"es_ES","og_type":"article","og_title":"Aspesi en Miralles 1986: moda masculina con esencia atemporal - Miralles STAGING","og_description":"En Miralles 1986 apostamos por la moda masculina con esencia atemporal a trav\u00e9s de marcas que representan la elegancia sin esfuerzo.","og_url":"https:\/\/www.marodadesign.es\/miralles\/aspesi-en-miralles-1986-moda-masculina-con-esencia-atemporal\/aspesi\/","og_site_name":"Miralles STAGING","article_publisher":"https:\/\/www.facebook.com\/miralles1986","article_published_time":"2025-07-24T17:29:15+00:00","article_modified_time":"2025-11-19T19:01:25+00:00","og_image":[{"width":1000,"height":1000,"url":"https:\/\/www.marodadesign.es\/miralles\/wp-content\/uploads\/2025\/06\/chaleco-noma-10241-negro-aspesi-4.jpg","type":"image\/jpeg"}],"author":"Daniel","twitter_card":"summary_large_image","twitter_misc":{"Escrito por":"Daniel","Tiempo de lectura":"2 minutos"},"schema":{"@context":"https:\/\/schema.org","@graph":[{"@type":"Article","@id":"https:\/\/www.marodadesign.es\/miralles\/aspesi-en-miralles-1986-moda-masculina-con-esencia-atemporal\/aspesi\/#article","isPartOf":{"@id":"https:\/\/www.marodadesign.es\/miralles\/aspesi-en-miralles-1986-moda-masculina-con-esencia-atemporal\/aspesi\/"},"author":{"name":"Daniel","@id":"https:\/\/www.marodadesign.es\/miralles\/#\/schema\/person\/c6c75b424c077c0b1c31c7221e9c6664"},"headline":"Aspesi en Miralles 1986: moda masculina con esencia atemporal","datePublished":"2025-07-24T17:29:15+00:00","dateModified":"2025-11-19T19:01:25+00:00","mainEntityOfPage":{"@id":"https:\/\/www.marodadesign.es\/miralles\/aspesi-en-miralles-1986-moda-masculina-con-esencia-atemporal\/aspesi\/"},"wordCount":245,"commentCount":0,"publisher":{"@id":"https:\/\/www.marodadesign.es\/miralles\/#organization"},"image":{"@id":"https:\/\/www.marodadesign.es\/miralles\/aspesi-en-miralles-1986-moda-masculina-con-esencia-atemporal\/aspesi\/#primaryimage"},"thumbnailUrl":"https:\/\/www.marodadesign.es\/miralles\/wp-content\/uploads\/2025\/06\/chaleco-noma-10241-negro-aspesi-4.jpg","articleSection":["Aspesi","Colecciones"],"inLanguage":"es","potentialAction":[{"@type":"CommentAction","name":"Comment","target":["https:\/\/www.marodadesign.es\/miralles\/aspesi-en-miralles-1986-moda-masculina-con-esencia-atemporal\/aspesi\/#respond"]}]},{"@type":"WebPage","@id":"https:\/\/www.marodadesign.es\/miralles\/aspesi-en-miralles-1986-moda-masculina-con-esencia-atemporal\/aspesi\/","url":"https:\/\/www.marodadesign.es\/miralles\/aspesi-en-miralles-1986-moda-masculina-con-esencia-atemporal\/aspesi\/","name":"Aspesi en Miralles 1986: moda masculina con esencia atemporal - Miralles STAGING","isPartOf":{"@id":"https:\/\/www.marodadesign.es\/miralles\/#website"},"primaryImageOfPage":{"@id":"https:\/\/www.marodadesign.es\/miralles\/aspesi-en-miralles-1986-moda-masculina-con-esencia-atemporal\/aspesi\/#primaryimage"},"image":{"@id":"https:\/\/www.marodadesign.es\/miralles\/aspesi-en-miralles-1986-moda-masculina-con-esencia-atemporal\/aspesi\/#primaryimage"},"thumbnailUrl":"https:\/\/www.marodadesign.es\/miralles\/wp-content\/uploads\/2025\/06\/chaleco-noma-10241-negro-aspesi-4.jpg","datePublished":"2025-07-24T17:29:15+00:00","dateModified":"2025-11-19T19:01:25+00:00","description":"En Miralles 1986 apostamos por la moda masculina con esencia atemporal a trav\u00e9s de marcas que representan la elegancia sin esfuerzo.","breadcrumb":{"@id":"https:\/\/www.marodadesign.es\/miralles\/aspesi-en-miralles-1986-moda-masculina-con-esencia-atemporal\/aspesi\/#breadcrumb"},"inLanguage":"es","potentialAction":[{"@type":"ReadAction","target":["https:\/\/www.marodadesign.es\/miralles\/aspesi-en-miralles-1986-moda-masculina-con-esencia-atemporal\/aspesi\/"]}]},{"@type":"ImageObject","inLanguage":"es","@id":"https:\/\/www.marodadesign.es\/miralles\/aspesi-en-miralles-1986-moda-masculina-con-esencia-atemporal\/aspesi\/#primaryimage","url":"https:\/\/www.marodadesign.es\/miralles\/wp-content\/uploads\/2025\/06\/chaleco-noma-10241-negro-aspesi-4.jpg","contentUrl":"https:\/\/www.marodadesign.es\/miralles\/wp-content\/uploads\/2025\/06\/chaleco-noma-10241-negro-aspesi-4.jpg","width":1000,"height":1000,"caption":"Chaleco Noma 10241 Negro Aspesi"},{"@type":"BreadcrumbList","@id":"https:\/\/www.marodadesign.es\/miralles\/aspesi-en-miralles-1986-moda-masculina-con-esencia-atemporal\/aspesi\/#breadcrumb","itemListElement":[{"@type":"ListItem","position":1,"name":"Portada","item":"https:\/\/www.marodadesign.es\/miralles\/"},{"@type":"ListItem","position":2,"name":"Aspesi en Miralles 1986: moda masculina con esencia atemporal"}]},{"@type":"WebSite","@id":"https:\/\/www.marodadesign.es\/miralles\/#website","url":"https:\/\/www.marodadesign.es\/miralles\/","name":"Miralles 1986","description":"Moda masculina de lujo en Valencia","publisher":{"@id":"https:\/\/www.marodadesign.es\/miralles\/#organization"},"potentialAction":[{"@type":"SearchAction","target":{"@type":"EntryPoint","urlTemplate":"https:\/\/www.marodadesign.es\/miralles\/?s={search_term_string}"},"query-input":{"@type":"PropertyValueSpecification","valueRequired":true,"valueName":"search_term_string"}}],"inLanguage":"es"},{"@type":"Organization","@id":"https:\/\/www.marodadesign.es\/miralles\/#organization","name":"Miralles 1986","alternateName":"Miralles","url":"https:\/\/www.marodadesign.es\/miralles\/","logo":{"@type":"ImageObject","inLanguage":"es","@id":"https:\/\/www.marodadesign.es\/miralles\/#\/schema\/logo\/image\/","url":"https:\/\/www.marodadesign.es\/miralles\/wp-content\/uploads\/2024\/09\/logo-miralles-1986-pequeno-bl.png","contentUrl":"https:\/\/www.marodadesign.es\/miralles\/wp-content\/uploads\/2024\/09\/logo-miralles-1986-pequeno-bl.png","width":201,"height":73,"caption":"Miralles 1986"},"image":{"@id":"https:\/\/www.marodadesign.es\/miralles\/#\/schema\/logo\/image\/"},"sameAs":["https:\/\/www.facebook.com\/miralles1986","https:\/\/www.instagram.com\/miralles1986_\/"]},{"@type":"Person","@id":"https:\/\/www.marodadesign.es\/miralles\/#\/schema\/person\/c6c75b424c077c0b1c31c7221e9c6664","name":"Daniel","image":{"@type":"ImageObject","inLanguage":"es","@id":"https:\/\/secure.gravatar.com\/avatar\/708149c944c13d8c3cb8252a4a3c3ef5965c0f7ecdbd697d64193859fed8d097?s=96&d=mm&r=g","url":"https:\/\/secure.gravatar.com\/avatar\/708149c944c13d8c3cb8252a4a3c3ef5965c0f7ecdbd697d64193859fed8d097?s=96&d=mm&r=g","contentUrl":"https:\/\/secure.gravatar.com\/avatar\/708149c944c13d8c3cb8252a4a3c3ef5965c0f7ecdbd697d64193859fed8d097?s=96&d=mm&r=g","caption":"Daniel"},"sameAs":["https:\/\/www.marodadesign.es\/miralles"]}]}},"_links":{"self":[{"href":"https:\/\/www.marodadesign.es\/miralles\/wp-json\/wp\/v2\/posts\/12901","targetHints":{"allow":["GET"]}}],"collection":[{"href":"https:\/\/www.marodadesign.es\/miralles\/wp-json\/wp\/v2\/posts"}],"about":[{"href":"https:\/\/www.marodadesign.es\/miralles\/wp-json\/wp\/v2\/types\/post"}],"author":[{"embeddable":true,"href":"https:\/\/www.marodadesign.es\/miralles\/wp-json\/wp\/v2\/users\/1"}],"replies":[{"embeddable":true,"href":"https:\/\/www.marodadesign.es\/miralles\/wp-json\/wp\/v2\/comments?post=12901"}],"version-history":[{"count":0,"href":"https:\/\/www.marodadesign.es\/miralles\/wp-json\/wp\/v2\/posts\/12901\/revisions"}],"wp:featuredmedia":[{"embeddable":true,"href":"https:\/\/www.marodadesign.es\/miralles\/wp-json\/wp\/v2\/media\/12015"}],"wp:attachment":[{"href":"https:\/\/www.marodadesign.es\/miralles\/wp-json\/wp\/v2\/media?parent=12901"}],"wp:term":[{"taxonomy":"category","embeddable":true,"href":"https:\/\/www.marodadesign.es\/miralles\/wp-json\/wp\/v2\/categories?post=12901"},{"taxonomy":"post_tag","embeddable":true,"href":"https:\/\/www.marodadesign.es\/miralles\/wp-json\/wp\/v2\/tags?post=12901"}],"curies":[{"name":"wp","href":"https:\/\/api.w.org\/{rel}","templated":true}]}}