{"id":17599,"date":"2026-02-24T20:46:00","date_gmt":"2026-02-24T19:46:00","guid":{"rendered":"https:\/\/miralles1986.com\/?p=17599"},"modified":"2026-04-08T11:09:04","modified_gmt":"2026-04-08T09:09:04","slug":"y-3-primavera-verano-2026-en-miralles-1986","status":"publish","type":"post","link":"https:\/\/www.marodadesign.es\/miralles\/y-3-primavera-verano-2026-en-miralles-1986\/y-3\/","title":{"rendered":"Y-3 Primavera-Verano 2026 en Miralles 1986"},"content":{"rendered":"\n<h2 class=\"wp-block-heading\">Chapter 1 y Chapter 2+3 en Miralles 1986<\/h2>\n\n\n\n<p class=\"wp-block-paragraph\">La nueva temporada Y-3 Primavera-Verano 2026 (SS26) ya est\u00e1 disponible en Miralles 1986. Esta colecci\u00f3n se presenta en dos c\u00e1psulas diferenciadas: <a href=\"https:\/\/www.marodadesign.es\/miralles\/y-3-ss26-chapter-one-coleccion-primavera-verano-2026\/\" target=\"_blank\" rel=\"noreferrer noopener\"><strong>Chapter 1<\/strong><\/a> y <a href=\"https:\/\/www.marodadesign.es\/miralles\/etiqueta-producto\/y-3-chapter-23\/\" target=\"_blank\" rel=\"noreferrer noopener\"><strong>Chapter 2+3<\/strong><\/a>, dos cap\u00edtulos que exploran distintas dimensiones del universo Y-3 bajo la direcci\u00f3n creativa de Yohji Yamamoto en colaboraci\u00f3n con adidas.<\/p>\n\n\n\n<p class=\"wp-block-paragraph\">Una propuesta que combina innovaci\u00f3n t\u00e9cnica, siluetas contempor\u00e1neas y una visi\u00f3n minimalista del sportswear de lujo.<\/p>\n\n\n\n<div style=\"height:38px\" aria-hidden=\"true\" class=\"wp-block-spacer\"><\/div>\n\n\n\n<figure class=\"wp-block-gallery has-nested-images columns-5 is-cropped wp-block-gallery-1 is-layout-flex wp-block-gallery-is-layout-flex\">\n<figure class=\"wp-block-image size-large\"><img decoding=\"async\" width=\"1000\" height=\"1000\" data-id=\"16147\" src=\"https:\/\/www.marodadesign.es\/miralles\/wp-content\/uploads\/2025\/12\/Y-3-ss26-chapter-1.jpg\" alt=\"Y-3 SS26 Chapter 1 \u2013 Colecci\u00f3n Primavera Verano 2026\" class=\"wp-image-16147\" srcset=\"https:\/\/www.marodadesign.es\/miralles\/wp-content\/uploads\/2025\/12\/Y-3-ss26-chapter-1.jpg 1000w, https:\/\/www.marodadesign.es\/miralles\/wp-content\/uploads\/2025\/12\/Y-3-ss26-chapter-1-500x500.jpg 500w\" sizes=\"(max-width: 1000px) 100vw, 1000px\" \/><\/figure>\n\n\n\n<figure class=\"wp-block-image size-large\"><img decoding=\"async\" width=\"1000\" height=\"1000\" data-id=\"16146\" src=\"https:\/\/www.marodadesign.es\/miralles\/wp-content\/uploads\/2025\/12\/Y-3-ss26-chapter-1-2.jpg\" alt=\"Y-3 SS26 Chapter One \u2013 Colecci\u00f3n Primavera Verano 2026\" class=\"wp-image-16146\" srcset=\"https:\/\/www.marodadesign.es\/miralles\/wp-content\/uploads\/2025\/12\/Y-3-ss26-chapter-1-2.jpg 1000w, https:\/\/www.marodadesign.es\/miralles\/wp-content\/uploads\/2025\/12\/Y-3-ss26-chapter-1-2-500x500.jpg 500w\" sizes=\"(max-width: 1000px) 100vw, 1000px\" \/><\/figure>\n\n\n\n<figure class=\"wp-block-image size-large\"><img decoding=\"async\" width=\"1000\" height=\"1000\" data-id=\"16145\" src=\"https:\/\/www.marodadesign.es\/miralles\/wp-content\/uploads\/2025\/12\/Y-3-ss26-chapter-1-3.jpg\" alt=\"Y-3 SS26 Chapter One \u2013 Colecci\u00f3n Primavera Verano 2026\" class=\"wp-image-16145\" srcset=\"https:\/\/www.marodadesign.es\/miralles\/wp-content\/uploads\/2025\/12\/Y-3-ss26-chapter-1-3.jpg 1000w, https:\/\/www.marodadesign.es\/miralles\/wp-content\/uploads\/2025\/12\/Y-3-ss26-chapter-1-3-500x500.jpg 500w\" sizes=\"(max-width: 1000px) 100vw, 1000px\" \/><\/figure>\n\n\n\n<figure class=\"wp-block-image size-large\"><img decoding=\"async\" width=\"1000\" height=\"1000\" data-id=\"16140\" src=\"https:\/\/www.marodadesign.es\/miralles\/wp-content\/uploads\/2025\/12\/Y-3-ss26-chapter-1-9.jpg\" alt=\"Y-3 SS26 Chapter One \u2013 Colecci\u00f3n Primavera Verano 2026\" class=\"wp-image-16140\" srcset=\"https:\/\/www.marodadesign.es\/miralles\/wp-content\/uploads\/2025\/12\/Y-3-ss26-chapter-1-9.jpg 1000w, https:\/\/www.marodadesign.es\/miralles\/wp-content\/uploads\/2025\/12\/Y-3-ss26-chapter-1-9-500x500.jpg 500w\" sizes=\"(max-width: 1000px) 100vw, 1000px\" \/><\/figure>\n\n\n\n<figure class=\"wp-block-image size-large\"><img decoding=\"async\" width=\"1000\" height=\"1000\" data-id=\"16142\" src=\"https:\/\/www.marodadesign.es\/miralles\/wp-content\/uploads\/2025\/12\/Y-3-ss26-chapter-1-7.jpg\" alt=\"Y-3 SS26 Chapter One \u2013 Colecci\u00f3n Primavera Verano 2026\" class=\"wp-image-16142\" srcset=\"https:\/\/www.marodadesign.es\/miralles\/wp-content\/uploads\/2025\/12\/Y-3-ss26-chapter-1-7.jpg 1000w, https:\/\/www.marodadesign.es\/miralles\/wp-content\/uploads\/2025\/12\/Y-3-ss26-chapter-1-7-500x500.jpg 500w\" sizes=\"(max-width: 1000px) 100vw, 1000px\" \/><\/figure>\n\n\n\n<figure class=\"wp-block-image size-large\"><img decoding=\"async\" width=\"1000\" height=\"1000\" data-id=\"16143\" src=\"https:\/\/www.marodadesign.es\/miralles\/wp-content\/uploads\/2025\/12\/Y-3-ss26-chapter-1-6.jpg\" alt=\"Y-3 SS26 Chapter One \u2013 Colecci\u00f3n Primavera Verano 2026\" class=\"wp-image-16143\" srcset=\"https:\/\/www.marodadesign.es\/miralles\/wp-content\/uploads\/2025\/12\/Y-3-ss26-chapter-1-6.jpg 1000w, https:\/\/www.marodadesign.es\/miralles\/wp-content\/uploads\/2025\/12\/Y-3-ss26-chapter-1-6-500x500.jpg 500w\" sizes=\"(max-width: 1000px) 100vw, 1000px\" \/><\/figure>\n\n\n\n<figure class=\"wp-block-image size-large\"><img decoding=\"async\" width=\"1000\" height=\"1000\" data-id=\"16139\" src=\"https:\/\/www.marodadesign.es\/miralles\/wp-content\/uploads\/2025\/12\/Y-3-ss26-chapter-1-10.jpg\" alt=\"Y-3 SS26 Chapter One \u2013 Colecci\u00f3n Primavera Verano 2026\" class=\"wp-image-16139\" srcset=\"https:\/\/www.marodadesign.es\/miralles\/wp-content\/uploads\/2025\/12\/Y-3-ss26-chapter-1-10.jpg 1000w, https:\/\/www.marodadesign.es\/miralles\/wp-content\/uploads\/2025\/12\/Y-3-ss26-chapter-1-10-500x500.jpg 500w\" sizes=\"(max-width: 1000px) 100vw, 1000px\" \/><\/figure>\n\n\n\n<figure class=\"wp-block-image size-large\"><img decoding=\"async\" width=\"1000\" height=\"1000\" data-id=\"16136\" src=\"https:\/\/www.marodadesign.es\/miralles\/wp-content\/uploads\/2025\/12\/SUDADERA_NYLON_WIRED_CON_LAS_3_BANDAS_Negro_KF1085_Y-3.jpg\" alt=\"Sudadera Nylon Wired 3 bandas KF1085 Negra Y-3\" class=\"wp-image-16136\" srcset=\"https:\/\/www.marodadesign.es\/miralles\/wp-content\/uploads\/2025\/12\/SUDADERA_NYLON_WIRED_CON_LAS_3_BANDAS_Negro_KF1085_Y-3.jpg 1000w, https:\/\/www.marodadesign.es\/miralles\/wp-content\/uploads\/2025\/12\/SUDADERA_NYLON_WIRED_CON_LAS_3_BANDAS_Negro_KF1085_Y-3-500x500.jpg 500w\" sizes=\"(max-width: 1000px) 100vw, 1000px\" \/><\/figure>\n<\/figure>\n\n\n\n<div style=\"height:38px\" aria-hidden=\"true\" class=\"wp-block-spacer\"><\/div>\n\n\n\n<h2 class=\"wp-block-heading\"><a href=\"https:\/\/www.marodadesign.es\/miralles\/y-3-ss26-chapter-one-coleccion-primavera-verano-2026\/\">Y-3 SS26 Chapter 1<\/a>: minimalismo t\u00e9cnico y siluetas relajadas<\/h2>\n\n\n\n<p class=\"wp-block-paragraph\">Chapter 1 marca el inicio de la temporada con una est\u00e9tica depurada, monocrom\u00e1tica y estructural. Predominan los tonos neutros, cortes amplios y tejidos t\u00e9cnicos que redefinen el concepto de ropa deportiva elevada.<\/p>\n\n\n\n<p class=\"wp-block-paragraph\">En esta c\u00e1psula destacan:<\/p>\n\n\n\n<ul class=\"wp-block-list\">\n<li>Camisetas oversize de algod\u00f3n premium<\/li>\n\n\n\n<li>Sudaderas estructuradas<\/li>\n\n\n\n<li>Pantalones sport de corte amplio<\/li>\n\n\n\n<li>Accesorios esenciales como gorras y calcetines t\u00e9cnicos<\/li>\n\n\n\n<li>Prendas utility con inspiraci\u00f3n urbana<\/li>\n<\/ul>\n\n\n\n<p class=\"wp-block-paragraph\">La colecci\u00f3n mantiene el ADN Y-3: l\u00edneas limpias, proporciones estudiadas y un equilibrio entre funcionalidad y dise\u00f1o conceptual.<\/p>\n\n\n\n<div style=\"height:34px\" aria-hidden=\"true\" class=\"wp-block-spacer\"><\/div>\n\n\n\n<figure class=\"wp-block-gallery has-nested-images columns-5 is-cropped wp-block-gallery-2 is-layout-flex wp-block-gallery-is-layout-flex\">\n<figure class=\"wp-block-image size-large\"><img decoding=\"async\" width=\"1000\" height=\"1000\" data-id=\"17545\" src=\"https:\/\/www.marodadesign.es\/miralles\/wp-content\/uploads\/2026\/02\/gorra_Y-3_pinstripe_Negro_KR8938-S-M-4.jpg\" alt=\"Gorra negra Pinstripe KR8938 Y-3\" class=\"wp-image-17545\" srcset=\"https:\/\/www.marodadesign.es\/miralles\/wp-content\/uploads\/2026\/02\/gorra_Y-3_pinstripe_Negro_KR8938-S-M-4.jpg 1000w, https:\/\/www.marodadesign.es\/miralles\/wp-content\/uploads\/2026\/02\/gorra_Y-3_pinstripe_Negro_KR8938-S-M-4-500x500.jpg 500w\" sizes=\"(max-width: 1000px) 100vw, 1000px\" \/><\/figure>\n\n\n\n<figure class=\"wp-block-image size-large\"><img decoding=\"async\" width=\"1000\" height=\"1000\" data-id=\"17544\" src=\"https:\/\/www.marodadesign.es\/miralles\/wp-content\/uploads\/2026\/02\/gorra_Y-3_pinstripe_Negro_KR8938-S-M-3.jpg\" alt=\"Gorra negra Pinstripe KR8938 Y-3\" class=\"wp-image-17544\" srcset=\"https:\/\/www.marodadesign.es\/miralles\/wp-content\/uploads\/2026\/02\/gorra_Y-3_pinstripe_Negro_KR8938-S-M-3.jpg 1000w, https:\/\/www.marodadesign.es\/miralles\/wp-content\/uploads\/2026\/02\/gorra_Y-3_pinstripe_Negro_KR8938-S-M-3-500x500.jpg 500w\" sizes=\"(max-width: 1000px) 100vw, 1000px\" \/><\/figure>\n\n\n\n<figure class=\"wp-block-image size-large\"><img decoding=\"async\" width=\"1000\" height=\"1000\" data-id=\"17543\" src=\"https:\/\/www.marodadesign.es\/miralles\/wp-content\/uploads\/2026\/02\/gorra_Y-3_pinstripe_Negro_KR8938-S-M-5.jpg\" alt=\"Gorra negra Pinstripe KR8938 Y-3\" class=\"wp-image-17543\" srcset=\"https:\/\/www.marodadesign.es\/miralles\/wp-content\/uploads\/2026\/02\/gorra_Y-3_pinstripe_Negro_KR8938-S-M-5.jpg 1000w, https:\/\/www.marodadesign.es\/miralles\/wp-content\/uploads\/2026\/02\/gorra_Y-3_pinstripe_Negro_KR8938-S-M-5-500x500.jpg 500w\" sizes=\"(max-width: 1000px) 100vw, 1000px\" \/><\/figure>\n\n\n\n<figure class=\"wp-block-image size-large\"><img decoding=\"async\" width=\"1000\" height=\"1000\" data-id=\"17526\" src=\"https:\/\/www.marodadesign.es\/miralles\/wp-content\/uploads\/2026\/02\/shorts-mesh-ps-kq9829-black-y-31.jpg\" alt=\"Shorts baloncesto de maya rayas KQ9829 Y-3\" class=\"wp-image-17526\" srcset=\"https:\/\/www.marodadesign.es\/miralles\/wp-content\/uploads\/2026\/02\/shorts-mesh-ps-kq9829-black-y-31.jpg 1000w, https:\/\/www.marodadesign.es\/miralles\/wp-content\/uploads\/2026\/02\/shorts-mesh-ps-kq9829-black-y-31-500x500.jpg 500w\" sizes=\"(max-width: 1000px) 100vw, 1000px\" \/><\/figure>\n\n\n\n<figure class=\"wp-block-image size-large\"><img decoding=\"async\" width=\"1000\" height=\"1000\" data-id=\"17522\" src=\"https:\/\/www.marodadesign.es\/miralles\/wp-content\/uploads\/2026\/02\/shorts-mesh-ps-kq9829-black-y-3-5.jpg\" alt=\"Shorts baloncesto de maya rayas KQ9829 Y-3\" class=\"wp-image-17522\" srcset=\"https:\/\/www.marodadesign.es\/miralles\/wp-content\/uploads\/2026\/02\/shorts-mesh-ps-kq9829-black-y-3-5.jpg 1000w, https:\/\/www.marodadesign.es\/miralles\/wp-content\/uploads\/2026\/02\/shorts-mesh-ps-kq9829-black-y-3-5-500x500.jpg 500w\" sizes=\"(max-width: 1000px) 100vw, 1000px\" \/><\/figure>\n\n\n\n<figure class=\"wp-block-image size-large\"><img decoding=\"async\" width=\"1000\" height=\"1000\" data-id=\"17520\" src=\"https:\/\/www.marodadesign.es\/miralles\/wp-content\/uploads\/2026\/02\/Camiseta_de_baloncesto_Y-3_Anthony_Edwards_Negro_KS7641_21-Y-3-2.jpg\" alt=\"Camiseta Baloncesto KS7641 Anthony Edwards Y-3\" class=\"wp-image-17520\" srcset=\"https:\/\/www.marodadesign.es\/miralles\/wp-content\/uploads\/2026\/02\/Camiseta_de_baloncesto_Y-3_Anthony_Edwards_Negro_KS7641_21-Y-3-2.jpg 1000w, https:\/\/www.marodadesign.es\/miralles\/wp-content\/uploads\/2026\/02\/Camiseta_de_baloncesto_Y-3_Anthony_Edwards_Negro_KS7641_21-Y-3-2-500x500.jpg 500w\" sizes=\"(max-width: 1000px) 100vw, 1000px\" \/><\/figure>\n\n\n\n<figure class=\"wp-block-image size-large\"><img decoding=\"async\" width=\"1000\" height=\"1000\" data-id=\"17509\" src=\"https:\/\/www.marodadesign.es\/miralles\/wp-content\/uploads\/2026\/02\/Y-3_camiseta-futbol-americano-elite-5-Garret_Wilson_Negro_KS7642-1.jpg\" alt=\"Camiseta FTBL Elite 5 KS7642 Garret Wilson Chapter 2+3 Y-3\" class=\"wp-image-17509\" srcset=\"https:\/\/www.marodadesign.es\/miralles\/wp-content\/uploads\/2026\/02\/Y-3_camiseta-futbol-americano-elite-5-Garret_Wilson_Negro_KS7642-1.jpg 1000w, https:\/\/www.marodadesign.es\/miralles\/wp-content\/uploads\/2026\/02\/Y-3_camiseta-futbol-americano-elite-5-Garret_Wilson_Negro_KS7642-1-500x500.jpg 500w\" sizes=\"(max-width: 1000px) 100vw, 1000px\" \/><\/figure>\n\n\n\n<figure class=\"wp-block-image size-large\"><img decoding=\"async\" width=\"1000\" height=\"1000\" data-id=\"17507\" src=\"https:\/\/www.marodadesign.es\/miralles\/wp-content\/uploads\/2026\/02\/Y-3_camiseta-futbol-americano-elite-5-Garret_Wilson_Negro_KS7642-3.jpg\" alt=\"Camiseta FTBL Elite 5 KS7642 Garret Wilson Chapter 2+3 Y-3\" class=\"wp-image-17507\" srcset=\"https:\/\/www.marodadesign.es\/miralles\/wp-content\/uploads\/2026\/02\/Y-3_camiseta-futbol-americano-elite-5-Garret_Wilson_Negro_KS7642-3.jpg 1000w, https:\/\/www.marodadesign.es\/miralles\/wp-content\/uploads\/2026\/02\/Y-3_camiseta-futbol-americano-elite-5-Garret_Wilson_Negro_KS7642-3-500x500.jpg 500w\" sizes=\"(max-width: 1000px) 100vw, 1000px\" \/><\/figure>\n\n\n\n<figure class=\"wp-block-image size-large\"><img decoding=\"async\" width=\"1000\" height=\"1000\" data-id=\"17521\" src=\"https:\/\/www.marodadesign.es\/miralles\/wp-content\/uploads\/2026\/02\/Camiseta_de_baloncesto_Y-3_Anthony_Edwards_Negro_KS7641_21-Y-3.jpg\" alt=\"Camiseta Baloncesto KS7641 Anthony Edwards Y-3\" class=\"wp-image-17521\" srcset=\"https:\/\/www.marodadesign.es\/miralles\/wp-content\/uploads\/2026\/02\/Camiseta_de_baloncesto_Y-3_Anthony_Edwards_Negro_KS7641_21-Y-3.jpg 1000w, https:\/\/www.marodadesign.es\/miralles\/wp-content\/uploads\/2026\/02\/Camiseta_de_baloncesto_Y-3_Anthony_Edwards_Negro_KS7641_21-Y-3-500x500.jpg 500w\" sizes=\"(max-width: 1000px) 100vw, 1000px\" \/><\/figure>\n<\/figure>\n\n\n\n<div style=\"height:36px\" aria-hidden=\"true\" class=\"wp-block-spacer\"><\/div>\n\n\n\n<h2 class=\"wp-block-heading\"><a href=\"https:\/\/www.marodadesign.es\/miralles\/etiqueta-producto\/y-3-chapter-23\/\">Y-3 SS26 Chapter 2+3<\/a>: est\u00e9tica deportiva reinterpretada<\/h2>\n\n\n\n<p class=\"wp-block-paragraph\">Chapter 2+3 introduce una narrativa m\u00e1s gr\u00e1fica y deportiva. En esta c\u00e1psula aparecen referencias al baloncesto, el streetwear y el archivo hist\u00f3rico de adidas, reinterpretado bajo la mirada de Yohji Yamamoto.<\/p>\n\n\n\n<p class=\"wp-block-paragraph\">Entre las piezas destacadas disponibles en Miralles 1986 encontramos:<\/p>\n\n\n\n<ul class=\"wp-block-list\">\n<li><a href=\"https:\/\/www.marodadesign.es\/miralles\/producto\/gorra-pinstripe-kr8938-y-3\/\">Gorras Pinstripe con branding Y-3<\/a><\/li>\n\n\n\n<li><a href=\"https:\/\/www.marodadesign.es\/miralles\/producto\/shorts-baloncesto-de-maya-kq9829-y-3\/\">Shorts de inspiraci\u00f3n basketball<\/a><\/li>\n\n\n\n<li><a href=\"https:\/\/www.marodadesign.es\/miralles\/producto\/camiseta-ftbl-elite-5-ks7642-garret-wilson-y-3\/\">Camisetas deportivas con numeraci\u00f3n<\/a><\/li>\n\n\n\n<li>Tank tops estructurados<\/li>\n\n\n\n<li>Prendas con rayas diplom\u00e1ticas reinterpretadas<\/li>\n<\/ul>\n\n\n\n<p class=\"wp-block-paragraph\">El uso de la raya vertical (pinstripe) aporta una lectura m\u00e1s sofisticada dentro del universo deportivo, reforzando el car\u00e1cter premium de la colecci\u00f3n.<\/p>\n\n\n\n<h2 class=\"wp-block-heading\">Concepto Y-3 SS26: moda, deporte y arquitectura del movimiento<\/h2>\n\n\n\n<p class=\"wp-block-paragraph\">La colecci\u00f3n Primavera-Verano 2026 profundiza en la idea de movimiento, estructura y volumen. Las siluetas amplias conviven con tejidos t\u00e9cnicos ligeros, mientras que los detalles gr\u00e1ficos aportan identidad sin romper la coherencia minimalista que caracteriza a la firma.<\/p>\n\n\n\n<p class=\"wp-block-paragraph\">Y-3 vuelve a demostrar su capacidad para fusionar:<\/p>\n\n\n\n<ul class=\"wp-block-list\">\n<li>Moda de autor<\/li>\n\n\n\n<li>Tecnolog\u00eda deportiva<\/li>\n\n\n\n<li>Dise\u00f1o japon\u00e9s contempor\u00e1neo<\/li>\n\n\n\n<li>Cultura urbana global<\/li>\n<\/ul>\n\n\n\n<h2 class=\"wp-block-heading\">Comprar Y-3 Primavera-Verano 2026 en Espa\u00f1a<\/h2>\n\n\n\n<p class=\"wp-block-paragraph\">En Miralles 1986 seleccionamos las piezas m\u00e1s representativas de<a href=\"https:\/\/www.marodadesign.es\/miralles\/y-3-ss26-chapter-one-coleccion-primavera-verano-2026\/\"> <strong>Y-3 SS26 Chapter 1<\/strong><\/a> y<a href=\"https:\/\/www.marodadesign.es\/miralles\/etiqueta-producto\/y-3-chapter-23\/\"> <\/a><strong><a href=\"https:\/\/www.marodadesign.es\/miralles\/etiqueta-producto\/y-3-chapter-23\/\">Chapter 2+3<\/a>,<\/strong> ofreciendo una propuesta exclusiva dentro del panorama nacional.<\/p>\n\n\n\n<p class=\"wp-block-paragraph\">Si buscas comprar Y-3 Primavera-Verano 2026 online en Espa\u00f1a, en miralles1986.com encontrar\u00e1s las novedades de la temporada con env\u00edo r\u00e1pido y garant\u00eda oficial.<\/p>\n\n\n\n<p class=\"wp-block-paragraph\">Descubre ahora la colecci\u00f3n completa y adel\u00e1ntate a las tendencias que marcar\u00e1n el sportswear premium este 2026.<\/p>\n","protected":false},"excerpt":{"rendered":"<p>Chapter 1 y Chapter 2+3 en Miralles 1986 La nueva temporada Y-3 Primavera-Verano 2026 (SS26) ya est\u00e1 disponible en Miralles 1986. Esta colecci\u00f3n se presenta&#8230;<\/p>\n","protected":false},"author":1,"featured_media":17543,"comment_status":"open","ping_status":"closed","sticky":false,"template":"","format":"standard","meta":{"footnotes":""},"categories":[1028,1027],"tags":[],"class_list":["post-17599","post","type-post","status-publish","format-standard","has-post-thumbnail","category-ss26","category-y-3"],"yoast_head":"<!-- This site is optimized with the Yoast SEO plugin v28.3 - https:\/\/yoast.com\/product\/yoast-seo-wordpress\/ -->\n<title>Y-3 Primavera-Verano 2026 en Miralles 1986 - Miralles STAGING<\/title>\n<meta name=\"description\" content=\"La nueva temporada Y-3 Primavera-Verano 2026 (SS26) ya est\u00e1 disponible en Miralles 1986. Esta colecci\u00f3n se presenta en dos c\u00e1psulas diferenciadas: Chapter 1 y Chapter 2+3\" \/>\n<meta name=\"robots\" content=\"noindex, follow, max-snippet:-1, max-image-preview:large, max-video-preview:-1\" \/>\n<meta property=\"og:locale\" content=\"es_ES\" \/>\n<meta property=\"og:type\" content=\"article\" \/>\n<meta property=\"og:title\" content=\"Y-3 Primavera-Verano 2026 en Miralles 1986 - Miralles STAGING\" \/>\n<meta property=\"og:description\" content=\"La nueva temporada Y-3 Primavera-Verano 2026 (SS26) ya est\u00e1 disponible en Miralles 1986. Esta colecci\u00f3n se presenta en dos c\u00e1psulas diferenciadas: Chapter 1 y Chapter 2+3\" \/>\n<meta property=\"og:url\" content=\"https:\/\/www.marodadesign.es\/miralles\/y-3-primavera-verano-2026-en-miralles-1986\/y-3\/\" \/>\n<meta property=\"og:site_name\" content=\"Miralles STAGING\" \/>\n<meta property=\"article:publisher\" content=\"https:\/\/www.facebook.com\/miralles1986\" \/>\n<meta property=\"article:published_time\" content=\"2026-02-24T19:46:00+00:00\" \/>\n<meta property=\"article:modified_time\" content=\"2026-04-08T09:09:04+00:00\" \/>\n<meta property=\"og:image\" content=\"https:\/\/www.marodadesign.es\/miralles\/wp-content\/uploads\/2026\/02\/gorra_Y-3_pinstripe_Negro_KR8938-S-M-5.jpg\" \/>\n\t<meta property=\"og:image:width\" content=\"1000\" \/>\n\t<meta property=\"og:image:height\" content=\"1000\" \/>\n\t<meta property=\"og:image:type\" content=\"image\/jpeg\" \/>\n<meta name=\"author\" content=\"Daniel\" \/>\n<meta name=\"twitter:card\" content=\"summary_large_image\" \/>\n<meta name=\"twitter:label1\" content=\"Escrito por\" \/>\n\t<meta name=\"twitter:data1\" content=\"Daniel\" \/>\n\t<meta name=\"twitter:label2\" content=\"Tiempo de lectura\" \/>\n\t<meta name=\"twitter:data2\" content=\"6 minutos\" \/>\n<script type=\"application\/ld+json\" class=\"yoast-schema-graph\">{\"@context\":\"https:\\\/\\\/schema.org\",\"@graph\":[{\"@type\":\"Article\",\"@id\":\"https:\\\/\\\/www.marodadesign.es\\\/miralles\\\/y-3-primavera-verano-2026-en-miralles-1986\\\/y-3\\\/#article\",\"isPartOf\":{\"@id\":\"https:\\\/\\\/www.marodadesign.es\\\/miralles\\\/y-3-primavera-verano-2026-en-miralles-1986\\\/y-3\\\/\"},\"author\":{\"name\":\"Daniel\",\"@id\":\"https:\\\/\\\/www.marodadesign.es\\\/miralles\\\/#\\\/schema\\\/person\\\/c6c75b424c077c0b1c31c7221e9c6664\"},\"headline\":\"Y-3 Primavera-Verano 2026 en Miralles 1986\",\"datePublished\":\"2026-02-24T19:46:00+00:00\",\"dateModified\":\"2026-04-08T09:09:04+00:00\",\"mainEntityOfPage\":{\"@id\":\"https:\\\/\\\/www.marodadesign.es\\\/miralles\\\/y-3-primavera-verano-2026-en-miralles-1986\\\/y-3\\\/\"},\"wordCount\":418,\"commentCount\":0,\"publisher\":{\"@id\":\"https:\\\/\\\/www.marodadesign.es\\\/miralles\\\/#organization\"},\"image\":{\"@id\":\"https:\\\/\\\/www.marodadesign.es\\\/miralles\\\/y-3-primavera-verano-2026-en-miralles-1986\\\/y-3\\\/#primaryimage\"},\"thumbnailUrl\":\"https:\\\/\\\/www.marodadesign.es\\\/miralles\\\/wp-content\\\/uploads\\\/2026\\\/02\\\/gorra_Y-3_pinstripe_Negro_KR8938-S-M-5.jpg\",\"articleSection\":[\"SS26\",\"Y-3\"],\"inLanguage\":\"es\",\"potentialAction\":[{\"@type\":\"CommentAction\",\"name\":\"Comment\",\"target\":[\"https:\\\/\\\/www.marodadesign.es\\\/miralles\\\/y-3-primavera-verano-2026-en-miralles-1986\\\/y-3\\\/#respond\"]}]},{\"@type\":\"WebPage\",\"@id\":\"https:\\\/\\\/www.marodadesign.es\\\/miralles\\\/y-3-primavera-verano-2026-en-miralles-1986\\\/y-3\\\/\",\"url\":\"https:\\\/\\\/www.marodadesign.es\\\/miralles\\\/y-3-primavera-verano-2026-en-miralles-1986\\\/y-3\\\/\",\"name\":\"Y-3 Primavera-Verano 2026 en Miralles 1986 - Miralles STAGING\",\"isPartOf\":{\"@id\":\"https:\\\/\\\/www.marodadesign.es\\\/miralles\\\/#website\"},\"primaryImageOfPage\":{\"@id\":\"https:\\\/\\\/www.marodadesign.es\\\/miralles\\\/y-3-primavera-verano-2026-en-miralles-1986\\\/y-3\\\/#primaryimage\"},\"image\":{\"@id\":\"https:\\\/\\\/www.marodadesign.es\\\/miralles\\\/y-3-primavera-verano-2026-en-miralles-1986\\\/y-3\\\/#primaryimage\"},\"thumbnailUrl\":\"https:\\\/\\\/www.marodadesign.es\\\/miralles\\\/wp-content\\\/uploads\\\/2026\\\/02\\\/gorra_Y-3_pinstripe_Negro_KR8938-S-M-5.jpg\",\"datePublished\":\"2026-02-24T19:46:00+00:00\",\"dateModified\":\"2026-04-08T09:09:04+00:00\",\"description\":\"La nueva temporada Y-3 Primavera-Verano 2026 (SS26) ya est\u00e1 disponible en Miralles 1986. Esta colecci\u00f3n se presenta en dos c\u00e1psulas diferenciadas: Chapter 1 y Chapter 2+3\",\"breadcrumb\":{\"@id\":\"https:\\\/\\\/www.marodadesign.es\\\/miralles\\\/y-3-primavera-verano-2026-en-miralles-1986\\\/y-3\\\/#breadcrumb\"},\"inLanguage\":\"es\",\"potentialAction\":[{\"@type\":\"ReadAction\",\"target\":[\"https:\\\/\\\/www.marodadesign.es\\\/miralles\\\/y-3-primavera-verano-2026-en-miralles-1986\\\/y-3\\\/\"]}]},{\"@type\":\"ImageObject\",\"inLanguage\":\"es\",\"@id\":\"https:\\\/\\\/www.marodadesign.es\\\/miralles\\\/y-3-primavera-verano-2026-en-miralles-1986\\\/y-3\\\/#primaryimage\",\"url\":\"https:\\\/\\\/www.marodadesign.es\\\/miralles\\\/wp-content\\\/uploads\\\/2026\\\/02\\\/gorra_Y-3_pinstripe_Negro_KR8938-S-M-5.jpg\",\"contentUrl\":\"https:\\\/\\\/www.marodadesign.es\\\/miralles\\\/wp-content\\\/uploads\\\/2026\\\/02\\\/gorra_Y-3_pinstripe_Negro_KR8938-S-M-5.jpg\",\"width\":1000,\"height\":1000,\"caption\":\"Gorra negra Pinstripe KR8938 Y-3\"},{\"@type\":\"BreadcrumbList\",\"@id\":\"https:\\\/\\\/www.marodadesign.es\\\/miralles\\\/y-3-primavera-verano-2026-en-miralles-1986\\\/y-3\\\/#breadcrumb\",\"itemListElement\":[{\"@type\":\"ListItem\",\"position\":1,\"name\":\"Portada\",\"item\":\"https:\\\/\\\/www.marodadesign.es\\\/miralles\\\/\"},{\"@type\":\"ListItem\",\"position\":2,\"name\":\"Y-3 Primavera-Verano 2026 en Miralles 1986\"}]},{\"@type\":\"WebSite\",\"@id\":\"https:\\\/\\\/www.marodadesign.es\\\/miralles\\\/#website\",\"url\":\"https:\\\/\\\/www.marodadesign.es\\\/miralles\\\/\",\"name\":\"Miralles 1986\",\"description\":\"Moda masculina de lujo en Valencia\",\"publisher\":{\"@id\":\"https:\\\/\\\/www.marodadesign.es\\\/miralles\\\/#organization\"},\"potentialAction\":[{\"@type\":\"SearchAction\",\"target\":{\"@type\":\"EntryPoint\",\"urlTemplate\":\"https:\\\/\\\/www.marodadesign.es\\\/miralles\\\/?s={search_term_string}\"},\"query-input\":{\"@type\":\"PropertyValueSpecification\",\"valueRequired\":true,\"valueName\":\"search_term_string\"}}],\"inLanguage\":\"es\"},{\"@type\":\"Organization\",\"@id\":\"https:\\\/\\\/www.marodadesign.es\\\/miralles\\\/#organization\",\"name\":\"Miralles 1986\",\"alternateName\":\"Miralles\",\"url\":\"https:\\\/\\\/www.marodadesign.es\\\/miralles\\\/\",\"logo\":{\"@type\":\"ImageObject\",\"inLanguage\":\"es\",\"@id\":\"https:\\\/\\\/www.marodadesign.es\\\/miralles\\\/#\\\/schema\\\/logo\\\/image\\\/\",\"url\":\"https:\\\/\\\/www.marodadesign.es\\\/miralles\\\/wp-content\\\/uploads\\\/2024\\\/09\\\/logo-miralles-1986-pequeno-bl.png\",\"contentUrl\":\"https:\\\/\\\/www.marodadesign.es\\\/miralles\\\/wp-content\\\/uploads\\\/2024\\\/09\\\/logo-miralles-1986-pequeno-bl.png\",\"width\":201,\"height\":73,\"caption\":\"Miralles 1986\"},\"image\":{\"@id\":\"https:\\\/\\\/www.marodadesign.es\\\/miralles\\\/#\\\/schema\\\/logo\\\/image\\\/\"},\"sameAs\":[\"https:\\\/\\\/www.facebook.com\\\/miralles1986\",\"https:\\\/\\\/www.instagram.com\\\/miralles1986_\\\/\"]},{\"@type\":\"Person\",\"@id\":\"https:\\\/\\\/www.marodadesign.es\\\/miralles\\\/#\\\/schema\\\/person\\\/c6c75b424c077c0b1c31c7221e9c6664\",\"name\":\"Daniel\",\"image\":{\"@type\":\"ImageObject\",\"inLanguage\":\"es\",\"@id\":\"https:\\\/\\\/secure.gravatar.com\\\/avatar\\\/708149c944c13d8c3cb8252a4a3c3ef5965c0f7ecdbd697d64193859fed8d097?s=96&d=mm&r=g\",\"url\":\"https:\\\/\\\/secure.gravatar.com\\\/avatar\\\/708149c944c13d8c3cb8252a4a3c3ef5965c0f7ecdbd697d64193859fed8d097?s=96&d=mm&r=g\",\"contentUrl\":\"https:\\\/\\\/secure.gravatar.com\\\/avatar\\\/708149c944c13d8c3cb8252a4a3c3ef5965c0f7ecdbd697d64193859fed8d097?s=96&d=mm&r=g\",\"caption\":\"Daniel\"},\"sameAs\":[\"https:\\\/\\\/www.marodadesign.es\\\/miralles\"]}]}<\/script>\n<!-- \/ Yoast SEO plugin. -->","yoast_head_json":{"title":"Y-3 Primavera-Verano 2026 en Miralles 1986 - Miralles STAGING","description":"La nueva temporada Y-3 Primavera-Verano 2026 (SS26) ya est\u00e1 disponible en Miralles 1986. Esta colecci\u00f3n se presenta en dos c\u00e1psulas diferenciadas: Chapter 1 y Chapter 2+3","robots":{"index":"noindex","follow":"follow","max-snippet":"max-snippet:-1","max-image-preview":"max-image-preview:large","max-video-preview":"max-video-preview:-1"},"og_locale":"es_ES","og_type":"article","og_title":"Y-3 Primavera-Verano 2026 en Miralles 1986 - Miralles STAGING","og_description":"La nueva temporada Y-3 Primavera-Verano 2026 (SS26) ya est\u00e1 disponible en Miralles 1986. Esta colecci\u00f3n se presenta en dos c\u00e1psulas diferenciadas: Chapter 1 y Chapter 2+3","og_url":"https:\/\/www.marodadesign.es\/miralles\/y-3-primavera-verano-2026-en-miralles-1986\/y-3\/","og_site_name":"Miralles STAGING","article_publisher":"https:\/\/www.facebook.com\/miralles1986","article_published_time":"2026-02-24T19:46:00+00:00","article_modified_time":"2026-04-08T09:09:04+00:00","og_image":[{"width":1000,"height":1000,"url":"https:\/\/www.marodadesign.es\/miralles\/wp-content\/uploads\/2026\/02\/gorra_Y-3_pinstripe_Negro_KR8938-S-M-5.jpg","type":"image\/jpeg"}],"author":"Daniel","twitter_card":"summary_large_image","twitter_misc":{"Escrito por":"Daniel","Tiempo de lectura":"6 minutos"},"schema":{"@context":"https:\/\/schema.org","@graph":[{"@type":"Article","@id":"https:\/\/www.marodadesign.es\/miralles\/y-3-primavera-verano-2026-en-miralles-1986\/y-3\/#article","isPartOf":{"@id":"https:\/\/www.marodadesign.es\/miralles\/y-3-primavera-verano-2026-en-miralles-1986\/y-3\/"},"author":{"name":"Daniel","@id":"https:\/\/www.marodadesign.es\/miralles\/#\/schema\/person\/c6c75b424c077c0b1c31c7221e9c6664"},"headline":"Y-3 Primavera-Verano 2026 en Miralles 1986","datePublished":"2026-02-24T19:46:00+00:00","dateModified":"2026-04-08T09:09:04+00:00","mainEntityOfPage":{"@id":"https:\/\/www.marodadesign.es\/miralles\/y-3-primavera-verano-2026-en-miralles-1986\/y-3\/"},"wordCount":418,"commentCount":0,"publisher":{"@id":"https:\/\/www.marodadesign.es\/miralles\/#organization"},"image":{"@id":"https:\/\/www.marodadesign.es\/miralles\/y-3-primavera-verano-2026-en-miralles-1986\/y-3\/#primaryimage"},"thumbnailUrl":"https:\/\/www.marodadesign.es\/miralles\/wp-content\/uploads\/2026\/02\/gorra_Y-3_pinstripe_Negro_KR8938-S-M-5.jpg","articleSection":["SS26","Y-3"],"inLanguage":"es","potentialAction":[{"@type":"CommentAction","name":"Comment","target":["https:\/\/www.marodadesign.es\/miralles\/y-3-primavera-verano-2026-en-miralles-1986\/y-3\/#respond"]}]},{"@type":"WebPage","@id":"https:\/\/www.marodadesign.es\/miralles\/y-3-primavera-verano-2026-en-miralles-1986\/y-3\/","url":"https:\/\/www.marodadesign.es\/miralles\/y-3-primavera-verano-2026-en-miralles-1986\/y-3\/","name":"Y-3 Primavera-Verano 2026 en Miralles 1986 - Miralles STAGING","isPartOf":{"@id":"https:\/\/www.marodadesign.es\/miralles\/#website"},"primaryImageOfPage":{"@id":"https:\/\/www.marodadesign.es\/miralles\/y-3-primavera-verano-2026-en-miralles-1986\/y-3\/#primaryimage"},"image":{"@id":"https:\/\/www.marodadesign.es\/miralles\/y-3-primavera-verano-2026-en-miralles-1986\/y-3\/#primaryimage"},"thumbnailUrl":"https:\/\/www.marodadesign.es\/miralles\/wp-content\/uploads\/2026\/02\/gorra_Y-3_pinstripe_Negro_KR8938-S-M-5.jpg","datePublished":"2026-02-24T19:46:00+00:00","dateModified":"2026-04-08T09:09:04+00:00","description":"La nueva temporada Y-3 Primavera-Verano 2026 (SS26) ya est\u00e1 disponible en Miralles 1986. Esta colecci\u00f3n se presenta en dos c\u00e1psulas diferenciadas: Chapter 1 y Chapter 2+3","breadcrumb":{"@id":"https:\/\/www.marodadesign.es\/miralles\/y-3-primavera-verano-2026-en-miralles-1986\/y-3\/#breadcrumb"},"inLanguage":"es","potentialAction":[{"@type":"ReadAction","target":["https:\/\/www.marodadesign.es\/miralles\/y-3-primavera-verano-2026-en-miralles-1986\/y-3\/"]}]},{"@type":"ImageObject","inLanguage":"es","@id":"https:\/\/www.marodadesign.es\/miralles\/y-3-primavera-verano-2026-en-miralles-1986\/y-3\/#primaryimage","url":"https:\/\/www.marodadesign.es\/miralles\/wp-content\/uploads\/2026\/02\/gorra_Y-3_pinstripe_Negro_KR8938-S-M-5.jpg","contentUrl":"https:\/\/www.marodadesign.es\/miralles\/wp-content\/uploads\/2026\/02\/gorra_Y-3_pinstripe_Negro_KR8938-S-M-5.jpg","width":1000,"height":1000,"caption":"Gorra negra Pinstripe KR8938 Y-3"},{"@type":"BreadcrumbList","@id":"https:\/\/www.marodadesign.es\/miralles\/y-3-primavera-verano-2026-en-miralles-1986\/y-3\/#breadcrumb","itemListElement":[{"@type":"ListItem","position":1,"name":"Portada","item":"https:\/\/www.marodadesign.es\/miralles\/"},{"@type":"ListItem","position":2,"name":"Y-3 Primavera-Verano 2026 en Miralles 1986"}]},{"@type":"WebSite","@id":"https:\/\/www.marodadesign.es\/miralles\/#website","url":"https:\/\/www.marodadesign.es\/miralles\/","name":"Miralles 1986","description":"Moda masculina de lujo en Valencia","publisher":{"@id":"https:\/\/www.marodadesign.es\/miralles\/#organization"},"potentialAction":[{"@type":"SearchAction","target":{"@type":"EntryPoint","urlTemplate":"https:\/\/www.marodadesign.es\/miralles\/?s={search_term_string}"},"query-input":{"@type":"PropertyValueSpecification","valueRequired":true,"valueName":"search_term_string"}}],"inLanguage":"es"},{"@type":"Organization","@id":"https:\/\/www.marodadesign.es\/miralles\/#organization","name":"Miralles 1986","alternateName":"Miralles","url":"https:\/\/www.marodadesign.es\/miralles\/","logo":{"@type":"ImageObject","inLanguage":"es","@id":"https:\/\/www.marodadesign.es\/miralles\/#\/schema\/logo\/image\/","url":"https:\/\/www.marodadesign.es\/miralles\/wp-content\/uploads\/2024\/09\/logo-miralles-1986-pequeno-bl.png","contentUrl":"https:\/\/www.marodadesign.es\/miralles\/wp-content\/uploads\/2024\/09\/logo-miralles-1986-pequeno-bl.png","width":201,"height":73,"caption":"Miralles 1986"},"image":{"@id":"https:\/\/www.marodadesign.es\/miralles\/#\/schema\/logo\/image\/"},"sameAs":["https:\/\/www.facebook.com\/miralles1986","https:\/\/www.instagram.com\/miralles1986_\/"]},{"@type":"Person","@id":"https:\/\/www.marodadesign.es\/miralles\/#\/schema\/person\/c6c75b424c077c0b1c31c7221e9c6664","name":"Daniel","image":{"@type":"ImageObject","inLanguage":"es","@id":"https:\/\/secure.gravatar.com\/avatar\/708149c944c13d8c3cb8252a4a3c3ef5965c0f7ecdbd697d64193859fed8d097?s=96&d=mm&r=g","url":"https:\/\/secure.gravatar.com\/avatar\/708149c944c13d8c3cb8252a4a3c3ef5965c0f7ecdbd697d64193859fed8d097?s=96&d=mm&r=g","contentUrl":"https:\/\/secure.gravatar.com\/avatar\/708149c944c13d8c3cb8252a4a3c3ef5965c0f7ecdbd697d64193859fed8d097?s=96&d=mm&r=g","caption":"Daniel"},"sameAs":["https:\/\/www.marodadesign.es\/miralles"]}]}},"_links":{"self":[{"href":"https:\/\/www.marodadesign.es\/miralles\/wp-json\/wp\/v2\/posts\/17599","targetHints":{"allow":["GET"]}}],"collection":[{"href":"https:\/\/www.marodadesign.es\/miralles\/wp-json\/wp\/v2\/posts"}],"about":[{"href":"https:\/\/www.marodadesign.es\/miralles\/wp-json\/wp\/v2\/types\/post"}],"author":[{"embeddable":true,"href":"https:\/\/www.marodadesign.es\/miralles\/wp-json\/wp\/v2\/users\/1"}],"replies":[{"embeddable":true,"href":"https:\/\/www.marodadesign.es\/miralles\/wp-json\/wp\/v2\/comments?post=17599"}],"version-history":[{"count":0,"href":"https:\/\/www.marodadesign.es\/miralles\/wp-json\/wp\/v2\/posts\/17599\/revisions"}],"wp:featuredmedia":[{"embeddable":true,"href":"https:\/\/www.marodadesign.es\/miralles\/wp-json\/wp\/v2\/media\/17543"}],"wp:attachment":[{"href":"https:\/\/www.marodadesign.es\/miralles\/wp-json\/wp\/v2\/media?parent=17599"}],"wp:term":[{"taxonomy":"category","embeddable":true,"href":"https:\/\/www.marodadesign.es\/miralles\/wp-json\/wp\/v2\/categories?post=17599"},{"taxonomy":"post_tag","embeddable":true,"href":"https:\/\/www.marodadesign.es\/miralles\/wp-json\/wp\/v2\/tags?post=17599"}],"curies":[{"name":"wp","href":"https:\/\/api.w.org\/{rel}","templated":true}]}}